{"id":177,"date":"2015-03-31T14:15:24","date_gmt":"2015-03-31T12:15:24","guid":{"rendered":"http:\/\/www.bestattungen-meid.de\/?p=177"},"modified":"2015-03-31T15:08:48","modified_gmt":"2015-03-31T13:08:48","slug":"anonyme-feuerbestattung","status":"publish","type":"post","link":"https:\/\/www.bestattungen-meid.de\/?p=177","title":{"rendered":"Anonyme Feuerbestattung"},"content":{"rendered":"<p><!--more-->Die anonyme Feuerbestattung setzt eine Ein\u00e4scherung voraus. Die sp\u00e4tere Beisetzung in einer Urne findet dann auf einem Gemeinschaftsgrabfeld auf einem Friedhof statt. Abh\u00e4ngig vom Friedhofstr\u00e4ger ist den Angeh\u00f6rigen nicht m\u00f6glich bei der Beisetzung teilzunehmen. Das Grabfeld auf dem die Beisetzung der Urne vollzogen wird, ist bekannt und wird vom Friedhofstr\u00e4ger gegen\u00fcber Anfragenden bekannt gegeben, die genaue Stelle wird jedoch nicht genannt.<\/p>\n","protected":false},"excerpt":{"rendered":"","protected":false},"author":1,"featured_media":0,"comment_status":"closed","ping_status":"closed","sticky":false,"template":"","format":"standard","meta":[],"categories":[3],"tags":[],"_links":{"self":[{"href":"https:\/\/www.bestattungen-meid.de\/index.php?rest_route=\/wp\/v2\/posts\/177"}],"collection":[{"href":"https:\/\/www.bestattungen-meid.de\/index.php?rest_route=\/wp\/v2\/posts"}],"about":[{"href":"https:\/\/www.bestattungen-meid.de\/index.php?rest_route=\/wp\/v2\/types\/post"}],"author":[{"embeddable":true,"href":"https:\/\/www.bestattungen-meid.de\/index.php?rest_route=\/wp\/v2\/users\/1"}],"replies":[{"embeddable":true,"href":"https:\/\/www.bestattungen-meid.de\/index.php?rest_route=%2Fwp%2Fv2%2Fcomments&post=177"}],"version-history":[{"count":3,"href":"https:\/\/www.bestattungen-meid.de\/index.php?rest_route=\/wp\/v2\/posts\/177\/revisions"}],"predecessor-version":[{"id":205,"href":"https:\/\/www.bestattungen-meid.de\/index.php?rest_route=\/wp\/v2\/posts\/177\/revisions\/205"}],"wp:attachment":[{"href":"https:\/\/www.bestattungen-meid.de\/index.php?rest_route=%2Fwp%2Fv2%2Fmedia&parent=177"}],"wp:term":[{"taxonomy":"category","embeddable":true,"href":"https:\/\/www.bestattungen-meid.de\/index.php?rest_route=%2Fwp%2Fv2%2Fcategories&post=177"},{"taxonomy":"post_tag","embeddable":true,"href":"https:\/\/www.bestattungen-meid.de\/index.php?rest_route=%2Fwp%2Fv2%2Ftags&post=177"}],"curies":[{"name":"wp","href":"https:\/\/api.w.org\/{rel}","templated":true}]}}