{"id":175,"date":"2015-03-31T14:14:56","date_gmt":"2015-03-31T12:14:56","guid":{"rendered":"http:\/\/www.bestattungen-meid.de\/?p=175"},"modified":"2015-03-31T15:10:10","modified_gmt":"2015-03-31T13:10:10","slug":"luftbestattung","status":"publish","type":"post","link":"https:\/\/www.bestattungen-meid.de\/?p=175","title":{"rendered":"Luftbestattung"},"content":{"rendered":"<p><!--more-->Unter Luftbestattung versteht man das Verstreuen der Asche eines Verstorbenen von einem Hei\u00dfluftballon, einem Helikopter oder Flugzeug aus. Nach der Kremierung wird die Asche in einer Zeremonie verstreut. Die Angeh\u00f6rigen k\u00f6nnen an der Zeremonie teilnehmen. Diese Beisetzungsart ist in Deutschland jedoch nicht erlaubt. Wir k\u00f6nnen Ihnen die Luftbestattung in verschiedenen Ruhew\u00e4ldern in der Schweiz anbieten.<\/p>\n","protected":false},"excerpt":{"rendered":"","protected":false},"author":1,"featured_media":0,"comment_status":"closed","ping_status":"closed","sticky":false,"template":"","format":"standard","meta":[],"categories":[3],"tags":[],"_links":{"self":[{"href":"https:\/\/www.bestattungen-meid.de\/index.php?rest_route=\/wp\/v2\/posts\/175"}],"collection":[{"href":"https:\/\/www.bestattungen-meid.de\/index.php?rest_route=\/wp\/v2\/posts"}],"about":[{"href":"https:\/\/www.bestattungen-meid.de\/index.php?rest_route=\/wp\/v2\/types\/post"}],"author":[{"embeddable":true,"href":"https:\/\/www.bestattungen-meid.de\/index.php?rest_route=\/wp\/v2\/users\/1"}],"replies":[{"embeddable":true,"href":"https:\/\/www.bestattungen-meid.de\/index.php?rest_route=%2Fwp%2Fv2%2Fcomments&post=175"}],"version-history":[{"count":3,"href":"https:\/\/www.bestattungen-meid.de\/index.php?rest_route=\/wp\/v2\/posts\/175\/revisions"}],"predecessor-version":[{"id":209,"href":"https:\/\/www.bestattungen-meid.de\/index.php?rest_route=\/wp\/v2\/posts\/175\/revisions\/209"}],"wp:attachment":[{"href":"https:\/\/www.bestattungen-meid.de\/index.php?rest_route=%2Fwp%2Fv2%2Fmedia&parent=175"}],"wp:term":[{"taxonomy":"category","embeddable":true,"href":"https:\/\/www.bestattungen-meid.de\/index.php?rest_route=%2Fwp%2Fv2%2Fcategories&post=175"},{"taxonomy":"post_tag","embeddable":true,"href":"https:\/\/www.bestattungen-meid.de\/index.php?rest_route=%2Fwp%2Fv2%2Ftags&post=175"}],"curies":[{"name":"wp","href":"https:\/\/api.w.org\/{rel}","templated":true}]}}