{"id":171,"date":"2015-03-31T14:14:12","date_gmt":"2015-03-31T12:14:12","guid":{"rendered":"http:\/\/www.bestattungen-meid.de\/?p=171"},"modified":"2015-03-31T15:10:36","modified_gmt":"2015-03-31T13:10:36","slug":"seebestattung","status":"publish","type":"post","link":"https:\/\/www.bestattungen-meid.de\/?p=171","title":{"rendered":"Seebestattung"},"content":{"rendered":"<p><!--more-->Nach der Ein\u00e4scherung des Leichnams des Verstorbenen wird die Asche in einer speziellen Seeurne au\u00dferhalb der Drei-Meilen-Zone dem Meer \u00fcbergeben. Auf Wunsch steht den Angeh\u00f6rigen die M\u00f6glichkeit offen, der Seebestattung beizuwohnen.<\/p>\n<p>Nach der Beisetzung erhalten Sie eine Karte mit der genauen Position der Bestattung, sowie eine Auszug aus dem Logbuch des Beisetzungsschiffes.<\/p>\n","protected":false},"excerpt":{"rendered":"","protected":false},"author":1,"featured_media":0,"comment_status":"closed","ping_status":"closed","sticky":false,"template":"","format":"standard","meta":[],"categories":[3],"tags":[],"_links":{"self":[{"href":"https:\/\/www.bestattungen-meid.de\/index.php?rest_route=\/wp\/v2\/posts\/171"}],"collection":[{"href":"https:\/\/www.bestattungen-meid.de\/index.php?rest_route=\/wp\/v2\/posts"}],"about":[{"href":"https:\/\/www.bestattungen-meid.de\/index.php?rest_route=\/wp\/v2\/types\/post"}],"author":[{"embeddable":true,"href":"https:\/\/www.bestattungen-meid.de\/index.php?rest_route=\/wp\/v2\/users\/1"}],"replies":[{"embeddable":true,"href":"https:\/\/www.bestattungen-meid.de\/index.php?rest_route=%2Fwp%2Fv2%2Fcomments&post=171"}],"version-history":[{"count":4,"href":"https:\/\/www.bestattungen-meid.de\/index.php?rest_route=\/wp\/v2\/posts\/171\/revisions"}],"predecessor-version":[{"id":211,"href":"https:\/\/www.bestattungen-meid.de\/index.php?rest_route=\/wp\/v2\/posts\/171\/revisions\/211"}],"wp:attachment":[{"href":"https:\/\/www.bestattungen-meid.de\/index.php?rest_route=%2Fwp%2Fv2%2Fmedia&parent=171"}],"wp:term":[{"taxonomy":"category","embeddable":true,"href":"https:\/\/www.bestattungen-meid.de\/index.php?rest_route=%2Fwp%2Fv2%2Fcategories&post=171"},{"taxonomy":"post_tag","embeddable":true,"href":"https:\/\/www.bestattungen-meid.de\/index.php?rest_route=%2Fwp%2Fv2%2Ftags&post=171"}],"curies":[{"name":"wp","href":"https:\/\/api.w.org\/{rel}","templated":true}]}}